{"id":31,"date":"2018-11-14T03:03:00","date_gmt":"2018-11-14T03:03:00","guid":{"rendered":"http:\/\/localhost\/borrow\/?p=31"},"modified":"2019-12-18T19:06:26","modified_gmt":"2019-12-18T19:06:26","slug":"prvi-let-sa-aerodroma-morava","status":"publish","type":"post","link":"https:\/\/aerodromisrbije.rs\/sajt\/prvi-let-sa-aerodroma-morava\/","title":{"rendered":"Prvi let sa aerodroma &#8222;Morava&#8220;"},"content":{"rendered":"<p>Ta\u010dno u 11.55, putni\u010dki avion ATR72 nacionalnog avio-prevoznika \u201eEr Srbija\u201c poleteo je danas sa piste Aerodroma \u201eMorava\u201c u La\u0111evcima kod Kraljeva prema Be\u010du, \u010dime je posle vi\u0161edecenijskog i\u0161\u010dekivanja kona\u010dno uspostavljen redovan civilni avio saobra\u0107aj sa ove vazdu\u0161ne luke na sedokra\u0107i izme\u0111u grada na Ibru, \u010ca\u010dka i Kru\u0161evca.<br \/>\nLetovi od javnog zna\u010daja sa ovog aerodroma prakti\u010dno su otpo\u010deli tehni\u010dkim sletanjem aviona \u201eEr Srbije\u201c uz tradicionalan do\u010dek vodenim topovima i u prisustvu predstavnika Ministsrstva gra\u0111evinarstva, saobra\u0107aja i infrastrukture, \u010delnika lokalnih samouprava Ra\u0161kog i Moravi\u010dkog okruga, menad\u017ementa \u201eAerodroma Srbije\u201c, privrednika i drugih brojnih gostiju.<br \/>\nNa ovaj na\u010din, posle Beograda i Ni\u0161a, Srbija je sada i zvani\u010dno dobila svoj tre\u0107i me\u0111unarodni aerodrom. U zimskom periodu sa \u201eMorave\u201c \u0107e linija za Be\u010d nacionalne aviio kompanije funkcionisati dva puta nedeljno, a tri puta sedmi\u010dno tokom leta, dok \u0107e sezonska linija za Solun biti uspostavljena na prole\u0107e naredne godine sa dva sedmi\u010dna leta.<\/p>\n","protected":false},"excerpt":{"rendered":"<p>Ta\u010dno u 11.55, putni\u010dki avion ATR72 nacionalnog avio-prevoznika \u201eEr Srbija\u201c poleteo je danas sa piste Aerodroma \u201eMorava\u201c u La\u0111evcima kod Kraljeva prema Be\u010du.<\/p>\n","protected":false},"author":1,"featured_media":1568,"comment_status":"open","ping_status":"open","sticky":false,"template":"","format":"standard","meta":[],"categories":[2],"tags":[29,24,28,26,27,25],"_links":{"self":[{"href":"https:\/\/aerodromisrbije.rs\/sajt\/wp-json\/wp\/v2\/posts\/31"}],"collection":[{"href":"https:\/\/aerodromisrbije.rs\/sajt\/wp-json\/wp\/v2\/posts"}],"about":[{"href":"https:\/\/aerodromisrbije.rs\/sajt\/wp-json\/wp\/v2\/types\/post"}],"author":[{"embeddable":true,"href":"https:\/\/aerodromisrbije.rs\/sajt\/wp-json\/wp\/v2\/users\/1"}],"replies":[{"embeddable":true,"href":"https:\/\/aerodromisrbije.rs\/sajt\/wp-json\/wp\/v2\/comments?post=31"}],"version-history":[{"count":2,"href":"https:\/\/aerodromisrbije.rs\/sajt\/wp-json\/wp\/v2\/posts\/31\/revisions"}],"predecessor-version":[{"id":2022,"href":"https:\/\/aerodromisrbije.rs\/sajt\/wp-json\/wp\/v2\/posts\/31\/revisions\/2022"}],"wp:featuredmedia":[{"embeddable":true,"href":"https:\/\/aerodromisrbije.rs\/sajt\/wp-json\/wp\/v2\/media\/1568"}],"wp:attachment":[{"href":"https:\/\/aerodromisrbije.rs\/sajt\/wp-json\/wp\/v2\/media?parent=31"}],"wp:term":[{"taxonomy":"category","embeddable":true,"href":"https:\/\/aerodromisrbije.rs\/sajt\/wp-json\/wp\/v2\/categories?post=31"},{"taxonomy":"post_tag","embeddable":true,"href":"https:\/\/aerodromisrbije.rs\/sajt\/wp-json\/wp\/v2\/tags?post=31"}],"curies":[{"name":"wp","href":"https:\/\/api.w.org\/{rel}","templated":true}]}}