{"id":5444,"date":"2024-11-20T11:36:45","date_gmt":"2024-11-20T10:36:45","guid":{"rendered":"https:\/\/aerodromisrbije.rs\/sajt\/?p=5444"},"modified":"2024-11-20T11:44:07","modified_gmt":"2024-11-20T10:44:07","slug":"uspesan-sastanak-u-dablinu-100-000-sedista-rajanera-za-nis-od-marta-2025","status":"publish","type":"post","link":"https:\/\/aerodromisrbije.rs\/sajt\/uspesan-sastanak-u-dablinu-100-000-sedista-rajanera-za-nis-od-marta-2025\/","title":{"rendered":"USPE\u0160AN SASTANAK U DABLINU: 100.000 sedi\u0161ta Rajanera za Ni\u0161 od marta 2025."},"content":{"rendered":"<p>\u201cAerodromi Srbije\u201d predvo\u0111eni direktorom Mihajlom Zdravkovi\u0107em odr\u017eali su uspe\u0161an sastanak u glavnom gradu Irske, u Dablinu, u sedi\u0161tu kompanije Rajaner. Razgovaralo se o nastavku saradnje izme\u0111u Rajanera i ni\u0161kog aerodroma \u201cKonstantin Veliki\u201d. Sastanak je odr\u017ean sa menad\u017ementom avio-kompanije, a u na\u0161oj delegaciji je bio i Du\u0161an Kne\u017eevi\u0107, direktor ni\u0161kog aerodroma. \u00a0<\/p>\r\n<p>\u201cCil\u0458 sastanka je bio da se rukovodstvu Rajanera predstavi nova zgrada terminala aerodroma u Ni\u0161u, da predstavimo budu\u0107e projekte i sve potencijale saradnje. \u0160to se ti\u010de letova, dogovoren je nastavak saradnje i u 2025. godini. Tokom letnje sezone, po\u010dev od 31. marta, Rajaner \u0107e opredeliti \u010dak 100.000 sedi\u0161ta za letove do i iz Ni\u0161a. Irska avio-kompanija \u0107e nastaviti da leti na destinacijama Be\u010d i Malta, vrati\u0107e se letovi do Stokholma i Krfa, ali uskoro o\u010dekujemo i predloge novih destinacija.\u201d \u2013 izjavio je Mihajlo Zdravkovi\u0107, direktor \u201cAerodromi Srbije\u201d po zavr\u0161etku sastanka. \u00a0<\/p>\r\n<p>Sedi\u0161te kompanije Rajaner \u0107e nakon ovog sastanka krasiti i zaniml\u0458iv poklon koji je stigao iz Ni\u0161a. Na\u0161a delegacija je rukovodstvu irske avio-kompanije uru\u010dila specijalnu ediciju personalizovane po\u0161tanske marke koja je \u0161tampana povodom otvaranja nove zgrade ni\u0161kog aerodroma sa porukom \u201cNovi simbol Ni\u0161a!\u201d.<\/p>\r\n\r\n<figure class=\"wp-block-image size-large\"><img class=\"wp-image-12872\" src=\"https:\/\/ini.aerodromisrbije.rs\/wp-content\/uploads\/2024\/11\/Mihajlo-Zdravkovic-direktor-Aerodromi-Srbije-ispred-sedista-Rajanera-u-Dablinu-1024x768.jpeg\" alt=\"\" \/><\/figure>\r\n<p>&nbsp;<\/p>\r\n\r\n\r\n\r\n<figure class=\"wp-block-image size-large\"><img class=\"wp-image-12875\" src=\"https:\/\/ini.aerodromisrbije.rs\/wp-content\/uploads\/2024\/11\/Uspesan-sastanak-u-Rajaneru-poklon-stigao-iz-Nisa-1024x768.jpeg\" alt=\"\" \/><\/figure>\r\n","protected":false},"excerpt":{"rendered":"<p>\u201cAerodromi Srbije\u201d predvo\u0111eni direktorom Mihajlom Zdravkovi\u0107em odr\u017eali su uspe\u0161an sastanak u glavnom gradu Irske, u Dablinu, u sedi\u0161tu kompanije Rajaner. Razgovaralo se o nastavku saradnje izme\u0111u Rajanera i ni\u0161kog aerodroma \u201cKonstantin Veliki\u201d. Sastanak je odr\u017ean sa menad\u017ementom avio-kompanije, a u na\u0161oj delegaciji je bio i Du\u0161an Kne\u017eevi\u0107, direktor ni\u0161kog aerodroma. \u00a0 \u201cCil\u0458 sastanka je bio [&hellip;]<\/p>\n","protected":false},"author":1,"featured_media":0,"comment_status":"closed","ping_status":"closed","sticky":false,"template":"","format":"standard","meta":[],"categories":[1],"tags":[],"_links":{"self":[{"href":"https:\/\/aerodromisrbije.rs\/sajt\/wp-json\/wp\/v2\/posts\/5444"}],"collection":[{"href":"https:\/\/aerodromisrbije.rs\/sajt\/wp-json\/wp\/v2\/posts"}],"about":[{"href":"https:\/\/aerodromisrbije.rs\/sajt\/wp-json\/wp\/v2\/types\/post"}],"author":[{"embeddable":true,"href":"https:\/\/aerodromisrbije.rs\/sajt\/wp-json\/wp\/v2\/users\/1"}],"replies":[{"embeddable":true,"href":"https:\/\/aerodromisrbije.rs\/sajt\/wp-json\/wp\/v2\/comments?post=5444"}],"version-history":[{"count":4,"href":"https:\/\/aerodromisrbije.rs\/sajt\/wp-json\/wp\/v2\/posts\/5444\/revisions"}],"predecessor-version":[{"id":5453,"href":"https:\/\/aerodromisrbije.rs\/sajt\/wp-json\/wp\/v2\/posts\/5444\/revisions\/5453"}],"wp:attachment":[{"href":"https:\/\/aerodromisrbije.rs\/sajt\/wp-json\/wp\/v2\/media?parent=5444"}],"wp:term":[{"taxonomy":"category","embeddable":true,"href":"https:\/\/aerodromisrbije.rs\/sajt\/wp-json\/wp\/v2\/categories?post=5444"},{"taxonomy":"post_tag","embeddable":true,"href":"https:\/\/aerodromisrbije.rs\/sajt\/wp-json\/wp\/v2\/tags?post=5444"}],"curies":[{"name":"wp","href":"https:\/\/api.w.org\/{rel}","templated":true}]}}